{"id":5107,"date":"2026-04-30T12:19:44","date_gmt":"2026-04-30T09:19:44","guid":{"rendered":"https:\/\/sctaurage.lt\/?p=5107"},"modified":"2026-04-30T12:21:22","modified_gmt":"2026-04-30T09:21:22","slug":"telsiuose-kasmetine-konferencija-su-svietimo-bendruomene","status":"publish","type":"post","link":"https:\/\/sctaurage.lt\/index.php\/2026\/naujienos\/telsiuose-kasmetine-konferencija-su-svietimo-bendruomene\/","title":{"rendered":"Tel\u0161iuose \u2013 kasmetin\u0117 konferencija su \u0161vietimo bendruomene"},"content":{"rendered":"<div class=\"fusion-fullwidth fullwidth-box fusion-builder-row-1 fusion-flex-container nonhundred-percent-fullwidth non-hundred-percent-height-scrolling\" style=\"--awb-border-radius-top-left:0px;--awb-border-radius-top-right:0px;--awb-border-radius-bottom-right:0px;--awb-border-radius-bottom-left:0px;--awb-flex-wrap:wrap;\" ><div class=\"fusion-builder-row fusion-row fusion-flex-align-items-flex-start fusion-flex-content-wrap\" style=\"max-width:1302px;margin-left: calc(-5% \/ 2 );margin-right: calc(-5% \/ 2 );\"><div class=\"fusion-layout-column fusion_builder_column fusion-builder-column-0 fusion_builder_column_1_1 1_1 fusion-flex-column\" style=\"--awb-bg-blend:overlay;--awb-bg-size:cover;--awb-width-large:100%;--awb-margin-top-large:0px;--awb-spacing-right-large:2.375%;--awb-margin-bottom-large:0px;--awb-spacing-left-large:2.375%;--awb-width-medium:100%;--awb-spacing-right-medium:2.375%;--awb-spacing-left-medium:2.375%;--awb-width-small:100%;--awb-spacing-right-small:2.375%;--awb-spacing-left-small:2.375%;\"><div class=\"fusion-column-wrapper fusion-flex-justify-content-flex-start fusion-content-layout-column\"><div class=\"fusion-text fusion-text-1\"><p><span style=\"font-weight: 400;\">2026 m. baland\u017eio 29 d. Taurag\u0117s r. \u0161vietimo bendruomen\u0117s atstovai dalyvavo kasmetin\u0117je konferencijoje, kurios tema \u0161iemet \u2013\u00a0 \u201e\u0160imtas malon\u0117s met\u0173. Kuriant ateit\u012f: nerimas ar viltis?\u201c susitikimas su vyskupijos teritorijoje esan\u010di\u0173 savivaldybi\u0173 \u0160vietimo skyri\u0173, \u0160vietimo centr\u0173 atstovais.\u00a0<\/span><\/p>\n<p><span style=\"font-weight: 400;\">I\u0161klausytas prane\u0161imas apie Tel\u0161i\u0173 vyskupijos istorij\u0105, apie visuomen\u0117je paplitusius rei\u0161kinius per \u017eod\u017ei\u0173 jungini\u0173 norimyb\u0117 ir tikrov\u0117, svajon\u0117 ir viltis reik\u0161m\u0119.\u00a0<\/span><\/p>\n<p><span style=\"font-weight: 400;\">Diskutuodami grup\u0117se konferencijos dalyviai aptar\u0117 nerim\u0105 kelian\u010dius rei\u0161kiniai \u2013 skaitmenizacija, dirbtinis intelektas, susvetim\u0117jimas. Si\u016bl\u0117 ir galimus problem\u0173 sprendimo b\u016bdus \u2013 stiprinti gyv\u0105 bendravim\u0105,\u00a0 mokytis ir mokyti naudotis inovacijomis ir kita.\u00a0\u00a0<\/span><\/p>\n<p style=\"text-align: right;\"><span style=\"font-weight: 400;\">Tel\u0161i\u0173 vyskupijos kurijos nuotraukos<\/span><\/p>\n<\/div><div class=\"awb-gallery-wrapper awb-gallery-wrapper-1 button-span-no\" style=\"--more-btn-alignment:center;\"><div style=\"margin:-5px;--awb-bordersize:0px;\" class=\"fusion-gallery fusion-gallery-container fusion-grid-3 fusion-columns-total-3 fusion-gallery-layout-grid fusion-gallery-1\"><div style=\"padding:5px;\" class=\"fusion-grid-column fusion-gallery-column fusion-gallery-column-3 hover-type-none\"><div class=\"fusion-gallery-image\"><a href=\"https:\/\/sctaurage.lt\/wp-content\/uploads\/2026\/04\/Telsiuose-\u2013-kasmetine-konferencija-su-svietimo-bendruomene-3.jpg\" rel=\"noreferrer\" data-rel=\"iLightbox[gallery_image_1]\" class=\"fusion-lightbox\" target=\"_self\"><img decoding=\"async\" src=\"https:\/\/sctaurage.lt\/wp-content\/uploads\/2026\/04\/Telsiuose-\u2013-kasmetine-konferencija-su-svietimo-bendruomene-3.jpg\" data-orig-src=\"https:\/\/sctaurage.lt\/wp-content\/uploads\/2026\/04\/Telsiuose-\u2013-kasmetine-konferencija-su-svietimo-bendruomene-3.jpg\" width=\"2048\" height=\"1365\" alt=\"\" title=\"Tel\u0161iuose \u2013 kasmetin\u0117 konferencija su \u0161vietimo bendruomene 3\" aria-label=\"Tel\u0161iuose \u2013 kasmetin\u0117 konferencija su \u0161vietimo bendruomene 3\" class=\"lazyload img-responsive wp-image-5110\" srcset=\"data:image\/svg+xml,%3Csvg%20xmlns%3D%27http%3A%2F%2Fwww.w3.org%2F2000%2Fsvg%27%20width%3D%272048%27%20height%3D%271365%27%20viewBox%3D%270%200%202048%201365%27%3E%3Crect%20width%3D%272048%27%20height%3D%271365%27%20fill-opacity%3D%220%22%2F%3E%3C%2Fsvg%3E\" data-srcset=\"https:\/\/sctaurage.lt\/wp-content\/uploads\/2026\/04\/Telsiuose-\u2013-kasmetine-konferencija-su-svietimo-bendruomene-3-200x133.jpg 200w, https:\/\/sctaurage.lt\/wp-content\/uploads\/2026\/04\/Telsiuose-\u2013-kasmetine-konferencija-su-svietimo-bendruomene-3-400x267.jpg 400w, https:\/\/sctaurage.lt\/wp-content\/uploads\/2026\/04\/Telsiuose-\u2013-kasmetine-konferencija-su-svietimo-bendruomene-3-600x400.jpg 600w, https:\/\/sctaurage.lt\/wp-content\/uploads\/2026\/04\/Telsiuose-\u2013-kasmetine-konferencija-su-svietimo-bendruomene-3-800x533.jpg 800w, https:\/\/sctaurage.lt\/wp-content\/uploads\/2026\/04\/Telsiuose-\u2013-kasmetine-konferencija-su-svietimo-bendruomene-3-1200x800.jpg 1200w, https:\/\/sctaurage.lt\/wp-content\/uploads\/2026\/04\/Telsiuose-\u2013-kasmetine-konferencija-su-svietimo-bendruomene-3.jpg 2048w\" data-sizes=\"auto\" data-orig-sizes=\"(min-width: 2200px) 100vw, (min-width: 784px) 410px, (min-width: 712px) 615px, (min-width: 640px) 712px, \" \/><\/a><\/div><\/div><div style=\"padding:5px;\" class=\"fusion-grid-column fusion-gallery-column fusion-gallery-column-3 hover-type-none\"><div class=\"fusion-gallery-image\"><a href=\"https:\/\/sctaurage.lt\/wp-content\/uploads\/2026\/04\/Telsiuose-\u2013-kasmetine-konferencija-su-svietimo-bendruomene-2.jpg\" rel=\"noreferrer\" data-rel=\"iLightbox[gallery_image_1]\" class=\"fusion-lightbox\" target=\"_self\"><img decoding=\"async\" src=\"https:\/\/sctaurage.lt\/wp-content\/uploads\/2026\/04\/Telsiuose-\u2013-kasmetine-konferencija-su-svietimo-bendruomene-2.jpg\" data-orig-src=\"https:\/\/sctaurage.lt\/wp-content\/uploads\/2026\/04\/Telsiuose-\u2013-kasmetine-konferencija-su-svietimo-bendruomene-2.jpg\" width=\"2048\" height=\"1365\" alt=\"\" title=\"Tel\u0161iuose \u2013 kasmetin\u0117 konferencija su \u0161vietimo bendruomene 2\" aria-label=\"Tel\u0161iuose \u2013 kasmetin\u0117 konferencija su \u0161vietimo bendruomene 2\" class=\"lazyload img-responsive wp-image-5109\" srcset=\"data:image\/svg+xml,%3Csvg%20xmlns%3D%27http%3A%2F%2Fwww.w3.org%2F2000%2Fsvg%27%20width%3D%272048%27%20height%3D%271365%27%20viewBox%3D%270%200%202048%201365%27%3E%3Crect%20width%3D%272048%27%20height%3D%271365%27%20fill-opacity%3D%220%22%2F%3E%3C%2Fsvg%3E\" data-srcset=\"https:\/\/sctaurage.lt\/wp-content\/uploads\/2026\/04\/Telsiuose-\u2013-kasmetine-konferencija-su-svietimo-bendruomene-2-200x133.jpg 200w, https:\/\/sctaurage.lt\/wp-content\/uploads\/2026\/04\/Telsiuose-\u2013-kasmetine-konferencija-su-svietimo-bendruomene-2-400x267.jpg 400w, https:\/\/sctaurage.lt\/wp-content\/uploads\/2026\/04\/Telsiuose-\u2013-kasmetine-konferencija-su-svietimo-bendruomene-2-600x400.jpg 600w, https:\/\/sctaurage.lt\/wp-content\/uploads\/2026\/04\/Telsiuose-\u2013-kasmetine-konferencija-su-svietimo-bendruomene-2-800x533.jpg 800w, https:\/\/sctaurage.lt\/wp-content\/uploads\/2026\/04\/Telsiuose-\u2013-kasmetine-konferencija-su-svietimo-bendruomene-2-1200x800.jpg 1200w, https:\/\/sctaurage.lt\/wp-content\/uploads\/2026\/04\/Telsiuose-\u2013-kasmetine-konferencija-su-svietimo-bendruomene-2.jpg 2048w\" data-sizes=\"auto\" data-orig-sizes=\"(min-width: 2200px) 100vw, (min-width: 784px) 410px, (min-width: 712px) 615px, (min-width: 640px) 712px, \" \/><\/a><\/div><\/div><div style=\"padding:5px;\" class=\"fusion-grid-column fusion-gallery-column fusion-gallery-column-3 hover-type-none\"><div class=\"fusion-gallery-image\"><a href=\"https:\/\/sctaurage.lt\/wp-content\/uploads\/2026\/04\/Telsiuose-\u2013-kasmetine-konferencija-su-svietimo-bendruomene-1.jpg\" rel=\"noreferrer\" data-rel=\"iLightbox[gallery_image_1]\" class=\"fusion-lightbox\" target=\"_self\"><img decoding=\"async\" src=\"https:\/\/sctaurage.lt\/wp-content\/uploads\/2026\/04\/Telsiuose-\u2013-kasmetine-konferencija-su-svietimo-bendruomene-1.jpg\" data-orig-src=\"https:\/\/sctaurage.lt\/wp-content\/uploads\/2026\/04\/Telsiuose-\u2013-kasmetine-konferencija-su-svietimo-bendruomene-1.jpg\" width=\"2048\" height=\"1365\" alt=\"\" title=\"Tel\u0161iuose \u2013 kasmetin\u0117 konferencija su \u0161vietimo bendruomene 1\" aria-label=\"Tel\u0161iuose \u2013 kasmetin\u0117 konferencija su \u0161vietimo bendruomene 1\" class=\"lazyload img-responsive wp-image-5108\" srcset=\"data:image\/svg+xml,%3Csvg%20xmlns%3D%27http%3A%2F%2Fwww.w3.org%2F2000%2Fsvg%27%20width%3D%272048%27%20height%3D%271365%27%20viewBox%3D%270%200%202048%201365%27%3E%3Crect%20width%3D%272048%27%20height%3D%271365%27%20fill-opacity%3D%220%22%2F%3E%3C%2Fsvg%3E\" data-srcset=\"https:\/\/sctaurage.lt\/wp-content\/uploads\/2026\/04\/Telsiuose-\u2013-kasmetine-konferencija-su-svietimo-bendruomene-1-200x133.jpg 200w, https:\/\/sctaurage.lt\/wp-content\/uploads\/2026\/04\/Telsiuose-\u2013-kasmetine-konferencija-su-svietimo-bendruomene-1-400x267.jpg 400w, https:\/\/sctaurage.lt\/wp-content\/uploads\/2026\/04\/Telsiuose-\u2013-kasmetine-konferencija-su-svietimo-bendruomene-1-600x400.jpg 600w, https:\/\/sctaurage.lt\/wp-content\/uploads\/2026\/04\/Telsiuose-\u2013-kasmetine-konferencija-su-svietimo-bendruomene-1-800x533.jpg 800w, https:\/\/sctaurage.lt\/wp-content\/uploads\/2026\/04\/Telsiuose-\u2013-kasmetine-konferencija-su-svietimo-bendruomene-1-1200x800.jpg 1200w, https:\/\/sctaurage.lt\/wp-content\/uploads\/2026\/04\/Telsiuose-\u2013-kasmetine-konferencija-su-svietimo-bendruomene-1.jpg 2048w\" data-sizes=\"auto\" data-orig-sizes=\"(min-width: 2200px) 100vw, (min-width: 784px) 410px, (min-width: 712px) 615px, (min-width: 640px) 712px, \" \/><\/a><\/div><\/div><div class=\"clearfix\"><\/div><\/div><\/div><\/div><\/div><\/div><\/div>\n","protected":false},"excerpt":{"rendered":"<p>2026 m. baland\u017eio 29 d. Taurag\u0117s r. \u0161vietimo bendruomen\u0117s atstovai dalyvavo kasmetin\u0117je konferencijoje, kurios tema \u0161iemet \u2013  \u201e\u0160imtas malon\u0117s met\u0173.<\/p>\n","protected":false},"author":1,"featured_media":5108,"comment_status":"open","ping_status":"open","sticky":false,"template":"","format":"standard","meta":{"footnotes":""},"categories":[72],"tags":[],"class_list":["post-5107","post","type-post","status-publish","format-standard","has-post-thumbnail","hentry","category-naujienos"],"_links":{"self":[{"href":"https:\/\/sctaurage.lt\/index.php\/wp-json\/wp\/v2\/posts\/5107","targetHints":{"allow":["GET"]}}],"collection":[{"href":"https:\/\/sctaurage.lt\/index.php\/wp-json\/wp\/v2\/posts"}],"about":[{"href":"https:\/\/sctaurage.lt\/index.php\/wp-json\/wp\/v2\/types\/post"}],"author":[{"embeddable":true,"href":"https:\/\/sctaurage.lt\/index.php\/wp-json\/wp\/v2\/users\/1"}],"replies":[{"embeddable":true,"href":"https:\/\/sctaurage.lt\/index.php\/wp-json\/wp\/v2\/comments?post=5107"}],"version-history":[{"count":3,"href":"https:\/\/sctaurage.lt\/index.php\/wp-json\/wp\/v2\/posts\/5107\/revisions"}],"predecessor-version":[{"id":5113,"href":"https:\/\/sctaurage.lt\/index.php\/wp-json\/wp\/v2\/posts\/5107\/revisions\/5113"}],"wp:featuredmedia":[{"embeddable":true,"href":"https:\/\/sctaurage.lt\/index.php\/wp-json\/wp\/v2\/media\/5108"}],"wp:attachment":[{"href":"https:\/\/sctaurage.lt\/index.php\/wp-json\/wp\/v2\/media?parent=5107"}],"wp:term":[{"taxonomy":"category","embeddable":true,"href":"https:\/\/sctaurage.lt\/index.php\/wp-json\/wp\/v2\/categories?post=5107"},{"taxonomy":"post_tag","embeddable":true,"href":"https:\/\/sctaurage.lt\/index.php\/wp-json\/wp\/v2\/tags?post=5107"}],"curies":[{"name":"wp","href":"https:\/\/api.w.org\/{rel}","templated":true}]}}