{"id":3833,"date":"2025-05-07T19:14:16","date_gmt":"2025-05-07T16:14:16","guid":{"rendered":"https:\/\/sctaurage.lt\/?p=3833"},"modified":"2025-05-07T19:17:56","modified_gmt":"2025-05-07T16:17:56","slug":"europos-dvasiniai-pagrindai-mokslo-ir-tikejimo-santykis-sekuliarioje-visuomeneje","status":"publish","type":"post","link":"https:\/\/sctaurage.lt\/index.php\/2025\/kvalifikacine-tarnyba\/europos-dvasiniai-pagrindai-mokslo-ir-tikejimo-santykis-sekuliarioje-visuomeneje\/","title":{"rendered":"Europos dvasiniai pagrindai. Mokslo ir tik\u0117jimo santykis sekuliarioje visuomen\u0117je"},"content":{"rendered":"<div class=\"fusion-fullwidth fullwidth-box fusion-builder-row-1 fusion-flex-container nonhundred-percent-fullwidth non-hundred-percent-height-scrolling\" style=\"--awb-border-radius-top-left:0px;--awb-border-radius-top-right:0px;--awb-border-radius-bottom-right:0px;--awb-border-radius-bottom-left:0px;--awb-flex-wrap:wrap;\" ><div class=\"fusion-builder-row fusion-row fusion-flex-align-items-flex-start fusion-flex-content-wrap\" style=\"max-width:1302px;margin-left: calc(-5% \/ 2 );margin-right: calc(-5% \/ 2 );\"><div class=\"fusion-layout-column fusion_builder_column fusion-builder-column-0 fusion_builder_column_1_1 1_1 fusion-flex-column\" style=\"--awb-bg-size:cover;--awb-width-large:100%;--awb-margin-top-large:0px;--awb-spacing-right-large:2.375%;--awb-margin-bottom-large:0px;--awb-spacing-left-large:2.375%;--awb-width-medium:100%;--awb-spacing-right-medium:2.375%;--awb-spacing-left-medium:2.375%;--awb-width-small:100%;--awb-spacing-right-small:2.375%;--awb-spacing-left-small:2.375%;\"><div class=\"fusion-column-wrapper fusion-flex-justify-content-flex-start fusion-content-layout-column\"><div class=\"fusion-text fusion-text-1\"><p>Gegu\u017e\u0117s 6 d. Tel\u0161i\u0173 vyskupo Vincento Borisevi\u010diaus kunig\u0173 seminarijoje, Tel\u0161i\u0173 vyskupo Algirdo Jurevi\u010diaus kvietimu vyko konferencija tema \u201eEuropos dvasiniai pagrindai. Mokslo ir tik\u0117jimo santykis sekuliarioje visuomen\u0117je\u201c. Renginys sub\u016br\u0117 Tel\u0161i\u0173 vyskupijos savivaldybi\u0173 \u0161vietimo skyri\u0173 ir \u0161vietimo centr\u0173 atstovus \u2013 \u017emones, kuriems r\u016bpi ne tik \u0161vietimo kokyb\u0117, bet ir jaunosios kartos vertybinis bei dvasinis ugdymas. Renginio prad\u017eioje sveikinimo \u017eod\u017eius tar\u0117 TVKC vadovas mons. Rimantas Gudlinkis bei pristat\u0117 konferencijos prane\u0161\u0117jus. Tel\u0161i\u0173 vyskupas Algirdas Jurevi\u010dius savo prane\u0161ime akcentavo dvasini\u0173 vertybi\u0173 svarb\u0105 \u0161iuolaikin\u0117je visuomen\u0117je, taip pat pristat\u0117 unikali\u0105 ir daugeliui ma\u017eai pa\u017e\u012fstam\u0105 tem\u0105 apie popie\u017eiaus vaidmen\u012f Katalik\u0173 Ba\u017eny\u010dioje ir pasaulyje. Jis i\u0161samiai paai\u0161kino, k\u0105 rei\u0161kia Sede vacante \u2013 laikotarpis, kai \u0160ventasis Sostas neturi popie\u017eiaus. Vyskupas taip pat supa\u017eindino dalyvius su konklavos procesu \u2013 kardinol\u0173 susirinkimu, kurio metu renkamas naujasis popie\u017eius. Prane\u0161\u0117jas mons. prof. dr. Arvydas Ramonas ragino nebijoti kelti klausim\u0173, neu\u017esidaryti tyloje ar viskam aklai pritarti, bet dr\u0105siai atverti akis mus supan\u010diam pasauliui \u2013 kaip did\u017eiajam Dievo stebuklui bei negyventi suklastoto gyvenimo.<\/p>\n<p>\u0160i konferencija tapo reik\u0161mingu \u017eingsniu kvie\u010dian\u010diu perm\u0105styti, koks \u017emogaus paveikslas formuojamas \u0161iandien.<\/p>\n<\/div><div class=\"awb-gallery-wrapper awb-gallery-wrapper-1 button-span-no\" style=\"--more-btn-alignment:center;\"><div style=\"margin:-5px;--awb-bordersize:0px;\" class=\"fusion-gallery fusion-gallery-container fusion-grid-3 fusion-columns-total-4 fusion-gallery-layout-grid fusion-gallery-1\"><div style=\"padding:5px;\" class=\"fusion-grid-column fusion-gallery-column fusion-gallery-column-3 hover-type-none\"><div class=\"fusion-gallery-image\"><a href=\"https:\/\/sctaurage.lt\/wp-content\/uploads\/2025\/05\/Europos-dvasiniai-pagrindai.-Mokslo-ir-tikejimo-santykis-sekuliarioje-visuomeneje-4.jpg\" rel=\"noreferrer\" data-rel=\"iLightbox[gallery_image_1]\" class=\"fusion-lightbox\" target=\"_self\"><img decoding=\"async\" src=\"https:\/\/sctaurage.lt\/wp-content\/uploads\/2025\/05\/Europos-dvasiniai-pagrindai.-Mokslo-ir-tikejimo-santykis-sekuliarioje-visuomeneje-4.jpg\" data-orig-src=\"https:\/\/sctaurage.lt\/wp-content\/uploads\/2025\/05\/Europos-dvasiniai-pagrindai.-Mokslo-ir-tikejimo-santykis-sekuliarioje-visuomeneje-4.jpg\" width=\"1333\" height=\"1000\" alt=\"\" title=\"Europos dvasiniai pagrindai. Mokslo ir tik\u0117jimo santykis sekuliarioje visuomen\u0117je 4\" aria-label=\"Europos dvasiniai pagrindai. Mokslo ir tik\u0117jimo santykis sekuliarioje visuomen\u0117je 4\" class=\"lazyload img-responsive wp-image-3843\" srcset=\"data:image\/svg+xml,%3Csvg%20xmlns%3D%27http%3A%2F%2Fwww.w3.org%2F2000%2Fsvg%27%20width%3D%271333%27%20height%3D%271000%27%20viewBox%3D%270%200%201333%201000%27%3E%3Crect%20width%3D%271333%27%20height%3D%271000%27%20fill-opacity%3D%220%22%2F%3E%3C%2Fsvg%3E\" data-srcset=\"https:\/\/sctaurage.lt\/wp-content\/uploads\/2025\/05\/Europos-dvasiniai-pagrindai.-Mokslo-ir-tikejimo-santykis-sekuliarioje-visuomeneje-4-200x150.jpg 200w, https:\/\/sctaurage.lt\/wp-content\/uploads\/2025\/05\/Europos-dvasiniai-pagrindai.-Mokslo-ir-tikejimo-santykis-sekuliarioje-visuomeneje-4-400x300.jpg 400w, https:\/\/sctaurage.lt\/wp-content\/uploads\/2025\/05\/Europos-dvasiniai-pagrindai.-Mokslo-ir-tikejimo-santykis-sekuliarioje-visuomeneje-4-600x450.jpg 600w, https:\/\/sctaurage.lt\/wp-content\/uploads\/2025\/05\/Europos-dvasiniai-pagrindai.-Mokslo-ir-tikejimo-santykis-sekuliarioje-visuomeneje-4-800x600.jpg 800w, https:\/\/sctaurage.lt\/wp-content\/uploads\/2025\/05\/Europos-dvasiniai-pagrindai.-Mokslo-ir-tikejimo-santykis-sekuliarioje-visuomeneje-4-1200x900.jpg 1200w, https:\/\/sctaurage.lt\/wp-content\/uploads\/2025\/05\/Europos-dvasiniai-pagrindai.-Mokslo-ir-tikejimo-santykis-sekuliarioje-visuomeneje-4.jpg 1333w\" data-sizes=\"auto\" data-orig-sizes=\"(min-width: 2200px) 100vw, (min-width: 784px) 410px, (min-width: 712px) 615px, (min-width: 640px) 712px, \" \/><\/a><\/div><\/div><div style=\"padding:5px;\" class=\"fusion-grid-column fusion-gallery-column fusion-gallery-column-3 hover-type-none\"><div class=\"fusion-gallery-image\"><a href=\"https:\/\/sctaurage.lt\/wp-content\/uploads\/2025\/05\/Europos-dvasiniai-pagrindai.-Mokslo-ir-tikejimo-santykis-sekuliarioje-visuomeneje-3.jpg\" rel=\"noreferrer\" data-rel=\"iLightbox[gallery_image_1]\" class=\"fusion-lightbox\" target=\"_self\"><img decoding=\"async\" src=\"https:\/\/sctaurage.lt\/wp-content\/uploads\/2025\/05\/Europos-dvasiniai-pagrindai.-Mokslo-ir-tikejimo-santykis-sekuliarioje-visuomeneje-3.jpg\" data-orig-src=\"https:\/\/sctaurage.lt\/wp-content\/uploads\/2025\/05\/Europos-dvasiniai-pagrindai.-Mokslo-ir-tikejimo-santykis-sekuliarioje-visuomeneje-3.jpg\" width=\"1333\" height=\"1000\" alt=\"\" title=\"Europos dvasiniai pagrindai. Mokslo ir tik\u0117jimo santykis sekuliarioje visuomen\u0117je 3\" aria-label=\"Europos dvasiniai pagrindai. Mokslo ir tik\u0117jimo santykis sekuliarioje visuomen\u0117je 3\" class=\"lazyload img-responsive wp-image-3842\" srcset=\"data:image\/svg+xml,%3Csvg%20xmlns%3D%27http%3A%2F%2Fwww.w3.org%2F2000%2Fsvg%27%20width%3D%271333%27%20height%3D%271000%27%20viewBox%3D%270%200%201333%201000%27%3E%3Crect%20width%3D%271333%27%20height%3D%271000%27%20fill-opacity%3D%220%22%2F%3E%3C%2Fsvg%3E\" data-srcset=\"https:\/\/sctaurage.lt\/wp-content\/uploads\/2025\/05\/Europos-dvasiniai-pagrindai.-Mokslo-ir-tikejimo-santykis-sekuliarioje-visuomeneje-3-200x150.jpg 200w, https:\/\/sctaurage.lt\/wp-content\/uploads\/2025\/05\/Europos-dvasiniai-pagrindai.-Mokslo-ir-tikejimo-santykis-sekuliarioje-visuomeneje-3-400x300.jpg 400w, https:\/\/sctaurage.lt\/wp-content\/uploads\/2025\/05\/Europos-dvasiniai-pagrindai.-Mokslo-ir-tikejimo-santykis-sekuliarioje-visuomeneje-3-600x450.jpg 600w, https:\/\/sctaurage.lt\/wp-content\/uploads\/2025\/05\/Europos-dvasiniai-pagrindai.-Mokslo-ir-tikejimo-santykis-sekuliarioje-visuomeneje-3-800x600.jpg 800w, https:\/\/sctaurage.lt\/wp-content\/uploads\/2025\/05\/Europos-dvasiniai-pagrindai.-Mokslo-ir-tikejimo-santykis-sekuliarioje-visuomeneje-3-1200x900.jpg 1200w, https:\/\/sctaurage.lt\/wp-content\/uploads\/2025\/05\/Europos-dvasiniai-pagrindai.-Mokslo-ir-tikejimo-santykis-sekuliarioje-visuomeneje-3.jpg 1333w\" data-sizes=\"auto\" data-orig-sizes=\"(min-width: 2200px) 100vw, (min-width: 784px) 410px, (min-width: 712px) 615px, (min-width: 640px) 712px, \" \/><\/a><\/div><\/div><div style=\"padding:5px;\" class=\"fusion-grid-column fusion-gallery-column fusion-gallery-column-3 hover-type-none\"><div class=\"fusion-gallery-image\"><a href=\"https:\/\/sctaurage.lt\/wp-content\/uploads\/2025\/05\/Europos-dvasiniai-pagrindai.-Mokslo-ir-tikejimo-santykis-sekuliarioje-visuomeneje-1.jpg\" rel=\"noreferrer\" data-rel=\"iLightbox[gallery_image_1]\" class=\"fusion-lightbox\" target=\"_self\"><img decoding=\"async\" src=\"https:\/\/sctaurage.lt\/wp-content\/uploads\/2025\/05\/Europos-dvasiniai-pagrindai.-Mokslo-ir-tikejimo-santykis-sekuliarioje-visuomeneje-1.jpg\" data-orig-src=\"https:\/\/sctaurage.lt\/wp-content\/uploads\/2025\/05\/Europos-dvasiniai-pagrindai.-Mokslo-ir-tikejimo-santykis-sekuliarioje-visuomeneje-1.jpg\" width=\"1333\" height=\"1000\" alt=\"\" title=\"Europos dvasiniai pagrindai. Mokslo ir tik\u0117jimo santykis sekuliarioje visuomen\u0117je 1\" aria-label=\"Europos dvasiniai pagrindai. Mokslo ir tik\u0117jimo santykis sekuliarioje visuomen\u0117je 1\" class=\"lazyload img-responsive wp-image-3841\" srcset=\"data:image\/svg+xml,%3Csvg%20xmlns%3D%27http%3A%2F%2Fwww.w3.org%2F2000%2Fsvg%27%20width%3D%271333%27%20height%3D%271000%27%20viewBox%3D%270%200%201333%201000%27%3E%3Crect%20width%3D%271333%27%20height%3D%271000%27%20fill-opacity%3D%220%22%2F%3E%3C%2Fsvg%3E\" data-srcset=\"https:\/\/sctaurage.lt\/wp-content\/uploads\/2025\/05\/Europos-dvasiniai-pagrindai.-Mokslo-ir-tikejimo-santykis-sekuliarioje-visuomeneje-1-200x150.jpg 200w, https:\/\/sctaurage.lt\/wp-content\/uploads\/2025\/05\/Europos-dvasiniai-pagrindai.-Mokslo-ir-tikejimo-santykis-sekuliarioje-visuomeneje-1-400x300.jpg 400w, https:\/\/sctaurage.lt\/wp-content\/uploads\/2025\/05\/Europos-dvasiniai-pagrindai.-Mokslo-ir-tikejimo-santykis-sekuliarioje-visuomeneje-1-600x450.jpg 600w, https:\/\/sctaurage.lt\/wp-content\/uploads\/2025\/05\/Europos-dvasiniai-pagrindai.-Mokslo-ir-tikejimo-santykis-sekuliarioje-visuomeneje-1-800x600.jpg 800w, https:\/\/sctaurage.lt\/wp-content\/uploads\/2025\/05\/Europos-dvasiniai-pagrindai.-Mokslo-ir-tikejimo-santykis-sekuliarioje-visuomeneje-1-1200x900.jpg 1200w, https:\/\/sctaurage.lt\/wp-content\/uploads\/2025\/05\/Europos-dvasiniai-pagrindai.-Mokslo-ir-tikejimo-santykis-sekuliarioje-visuomeneje-1.jpg 1333w\" data-sizes=\"auto\" data-orig-sizes=\"(min-width: 2200px) 100vw, (min-width: 784px) 410px, (min-width: 712px) 615px, (min-width: 640px) 712px, \" \/><\/a><\/div><\/div><div class=\"clearfix\"><\/div><div style=\"padding:5px;\" class=\"fusion-grid-column fusion-gallery-column fusion-gallery-column-3 hover-type-none\"><div class=\"fusion-gallery-image\"><a href=\"https:\/\/sctaurage.lt\/wp-content\/uploads\/2025\/05\/Europos-dvasiniai-pagrindai.-Mokslo-ir-tikejimo-santykis-sekuliarioje-visuomeneje-2.jpg\" rel=\"noreferrer\" data-rel=\"iLightbox[gallery_image_1]\" class=\"fusion-lightbox\" target=\"_self\"><img decoding=\"async\" src=\"https:\/\/sctaurage.lt\/wp-content\/uploads\/2025\/05\/Europos-dvasiniai-pagrindai.-Mokslo-ir-tikejimo-santykis-sekuliarioje-visuomeneje-2.jpg\" data-orig-src=\"https:\/\/sctaurage.lt\/wp-content\/uploads\/2025\/05\/Europos-dvasiniai-pagrindai.-Mokslo-ir-tikejimo-santykis-sekuliarioje-visuomeneje-2.jpg\" width=\"1500\" height=\"676\" alt=\"\" title=\"Europos dvasiniai pagrindai. Mokslo ir tik\u0117jimo santykis sekuliarioje visuomen\u0117je 2\" aria-label=\"Europos dvasiniai pagrindai. Mokslo ir tik\u0117jimo santykis sekuliarioje visuomen\u0117je 2\" class=\"lazyload img-responsive wp-image-3834\" srcset=\"data:image\/svg+xml,%3Csvg%20xmlns%3D%27http%3A%2F%2Fwww.w3.org%2F2000%2Fsvg%27%20width%3D%271500%27%20height%3D%27676%27%20viewBox%3D%270%200%201500%20676%27%3E%3Crect%20width%3D%271500%27%20height%3D%27676%27%20fill-opacity%3D%220%22%2F%3E%3C%2Fsvg%3E\" data-srcset=\"https:\/\/sctaurage.lt\/wp-content\/uploads\/2025\/05\/Europos-dvasiniai-pagrindai.-Mokslo-ir-tikejimo-santykis-sekuliarioje-visuomeneje-2-200x90.jpg 200w, https:\/\/sctaurage.lt\/wp-content\/uploads\/2025\/05\/Europos-dvasiniai-pagrindai.-Mokslo-ir-tikejimo-santykis-sekuliarioje-visuomeneje-2-400x180.jpg 400w, https:\/\/sctaurage.lt\/wp-content\/uploads\/2025\/05\/Europos-dvasiniai-pagrindai.-Mokslo-ir-tikejimo-santykis-sekuliarioje-visuomeneje-2-600x270.jpg 600w, https:\/\/sctaurage.lt\/wp-content\/uploads\/2025\/05\/Europos-dvasiniai-pagrindai.-Mokslo-ir-tikejimo-santykis-sekuliarioje-visuomeneje-2-800x361.jpg 800w, https:\/\/sctaurage.lt\/wp-content\/uploads\/2025\/05\/Europos-dvasiniai-pagrindai.-Mokslo-ir-tikejimo-santykis-sekuliarioje-visuomeneje-2-1200x541.jpg 1200w, https:\/\/sctaurage.lt\/wp-content\/uploads\/2025\/05\/Europos-dvasiniai-pagrindai.-Mokslo-ir-tikejimo-santykis-sekuliarioje-visuomeneje-2.jpg 1500w\" data-sizes=\"auto\" data-orig-sizes=\"(min-width: 2200px) 100vw, (min-width: 784px) 410px, (min-width: 712px) 615px, (min-width: 640px) 712px, \" \/><\/a><\/div><\/div><\/div><\/div><\/div><\/div><\/div><\/div>\n","protected":false},"excerpt":{"rendered":"<p>Gegu\u017e\u0117s 6 d. Tel\u0161i\u0173 vyskupo Vincento Borisevi\u010diaus kunig\u0173 seminarijoje, Tel\u0161i\u0173 vyskupo Algirdo Jurevi\u010diaus kvietimu vyko konferencija tema \u201eEuropos dvasiniai pagrindai. Mokslo ir tik\u0117jimo santykis sekuliarioje visuomen\u0117je\u201c<\/p>\n","protected":false},"author":1,"featured_media":3834,"comment_status":"open","ping_status":"open","sticky":false,"template":"","format":"standard","meta":{"footnotes":""},"categories":[76],"tags":[],"class_list":["post-3833","post","type-post","status-publish","format-standard","has-post-thumbnail","hentry","category-kvalifikacine-tarnyba"],"_links":{"self":[{"href":"https:\/\/sctaurage.lt\/index.php\/wp-json\/wp\/v2\/posts\/3833","targetHints":{"allow":["GET"]}}],"collection":[{"href":"https:\/\/sctaurage.lt\/index.php\/wp-json\/wp\/v2\/posts"}],"about":[{"href":"https:\/\/sctaurage.lt\/index.php\/wp-json\/wp\/v2\/types\/post"}],"author":[{"embeddable":true,"href":"https:\/\/sctaurage.lt\/index.php\/wp-json\/wp\/v2\/users\/1"}],"replies":[{"embeddable":true,"href":"https:\/\/sctaurage.lt\/index.php\/wp-json\/wp\/v2\/comments?post=3833"}],"version-history":[{"count":3,"href":"https:\/\/sctaurage.lt\/index.php\/wp-json\/wp\/v2\/posts\/3833\/revisions"}],"predecessor-version":[{"id":3844,"href":"https:\/\/sctaurage.lt\/index.php\/wp-json\/wp\/v2\/posts\/3833\/revisions\/3844"}],"wp:featuredmedia":[{"embeddable":true,"href":"https:\/\/sctaurage.lt\/index.php\/wp-json\/wp\/v2\/media\/3834"}],"wp:attachment":[{"href":"https:\/\/sctaurage.lt\/index.php\/wp-json\/wp\/v2\/media?parent=3833"}],"wp:term":[{"taxonomy":"category","embeddable":true,"href":"https:\/\/sctaurage.lt\/index.php\/wp-json\/wp\/v2\/categories?post=3833"},{"taxonomy":"post_tag","embeddable":true,"href":"https:\/\/sctaurage.lt\/index.php\/wp-json\/wp\/v2\/tags?post=3833"}],"curies":[{"name":"wp","href":"https:\/\/api.w.org\/{rel}","templated":true}]}}