{"id":3759,"date":"2025-04-18T14:36:06","date_gmt":"2025-04-18T11:36:06","guid":{"rendered":"https:\/\/sctaurage.lt\/?p=3759"},"modified":"2025-04-18T14:36:43","modified_gmt":"2025-04-18T11:36:43","slug":"atejau-pasakiau-suzavejau","status":"publish","type":"post","link":"https:\/\/sctaurage.lt\/index.php\/2025\/kvalifikacine-tarnyba\/atejau-pasakiau-suzavejau\/","title":{"rendered":"At\u0117jau. Pasakiau. Su\u017eav\u0117jau"},"content":{"rendered":"<p><span style=\"font-weight: 400;\">Taurag<\/span><span style=\"font-weight: 400;\">\u0117<\/span><span style=\"font-weight: 400;\">s \u017dalgiri<\/span><span style=\"font-weight: 400;\">\u0173<\/span><span style=\"font-weight: 400;\"> gimnazijoje \u2013 vie\u0161ojo kalb<\/span><span style=\"font-weight: 400;\">\u0117<\/span><span style=\"font-weight: 400;\">jimo \u0161vent<\/span><span style=\"font-weight: 400;\">\u0117<\/span><span style=\"font-weight: 400;\">!<\/span><\/p>\n<p><span style=\"font-weight: 400;\">Jau ketvirtus metus i\u0161 eil<\/span><span style=\"font-weight: 400;\">\u0117<\/span><span style=\"font-weight: 400;\">s gimnazijoje vyksta tradicinis rajoninis vie\u0161ojo kalb<\/span><span style=\"font-weight: 400;\">\u0117<\/span><span style=\"font-weight: 400;\">jimo konkursas \u201eAt<\/span><span style=\"font-weight: 400;\">\u0117<\/span><span style=\"font-weight: 400;\">jau. Pasakiau. Su\u017eav<\/span><span style=\"font-weight: 400;\">\u0117<\/span><span style=\"font-weight: 400;\">jau\u201c, suburiantis dr<\/span><span style=\"font-weight: 400;\">\u0105<\/span><span style=\"font-weight: 400;\">sius, m<\/span><span style=\"font-weight: 400;\">\u0105<\/span><span style=\"font-weight: 400;\">stan<\/span><span style=\"font-weight: 400;\">\u010d<\/span><span style=\"font-weight: 400;\">ius ir geban<\/span><span style=\"font-weight: 400;\">\u010d<\/span><span style=\"font-weight: 400;\">ius kalb<\/span><span style=\"font-weight: 400;\">\u0117<\/span><span style=\"font-weight: 400;\">ti apie tai, kas svarbiausia \u2013 gerum<\/span><span style=\"font-weight: 400;\">\u0105<\/span><span style=\"font-weight: 400;\">, gyvenimo prasm<\/span><span style=\"font-weight: 400;\">\u0119<\/span><span style=\"font-weight: 400;\">, b<\/span><span style=\"font-weight: 400;\">\u016b<\/span><span style=\"font-weight: 400;\">t<\/span><span style=\"font-weight: 400;\">\u012f<\/span><span style=\"font-weight: 400;\">. Konkurse dalyvavo oratoriai i\u0161 Taraili<\/span><span style=\"font-weight: 400;\">\u0173<\/span><span style=\"font-weight: 400;\"> progimnazijos, \u201eVersm<\/span><span style=\"font-weight: 400;\">\u0117<\/span><span style=\"font-weight: 400;\">s\u201c, \u017dalgiri<\/span><span style=\"font-weight: 400;\">\u0173<\/span><span style=\"font-weight: 400;\">, \u017dygai<\/span><span style=\"font-weight: 400;\">\u010d<\/span><span style=\"font-weight: 400;\">i<\/span><span style=\"font-weight: 400;\">\u0173<\/span><span style=\"font-weight: 400;\"> gimnazij<\/span><span style=\"font-weight: 400;\">\u0173<\/span><span style=\"font-weight: 400;\">. D\u017eiugu, kad \u0161iemet oratorius vertino skirting<\/span><span style=\"font-weight: 400;\">\u0173<\/span> <span style=\"font-weight: 400;\">\u012f<\/span><span style=\"font-weight: 400;\">staig<\/span><span style=\"font-weight: 400;\">\u0173<\/span><span style=\"font-weight: 400;\"> atstov<\/span><span style=\"font-weight: 400;\">\u0117<\/span><span style=\"font-weight: 400;\">s \u2013 Norkai<\/span><span style=\"font-weight: 400;\">\u010d<\/span><span style=\"font-weight: 400;\">i<\/span><span style=\"font-weight: 400;\">\u0173<\/span><span style=\"font-weight: 400;\"> etnokult<\/span><span style=\"font-weight: 400;\">\u016b<\/span><span style=\"font-weight: 400;\">ros centro ved<\/span><span style=\"font-weight: 400;\">\u0117<\/span><span style=\"font-weight: 400;\">ja Jurgita Brazauskien<\/span><span style=\"font-weight: 400;\">\u0117<\/span><span style=\"font-weight: 400;\"> (komisijos pirminink<\/span><span style=\"font-weight: 400;\">\u0117<\/span><span style=\"font-weight: 400;\">), Taurag<\/span><span style=\"font-weight: 400;\">\u0117<\/span><span style=\"font-weight: 400;\">s B. Baltru\u0161aityt<\/span><span style=\"font-weight: 400;\">\u0117<\/span><span style=\"font-weight: 400;\">s bibliotekos direktor<\/span><span style=\"font-weight: 400;\">\u0117<\/span><span style=\"font-weight: 400;\"> \u017daneta Maziliauskien<\/span><span style=\"font-weight: 400;\">\u0117<\/span><span style=\"font-weight: 400;\">, \u201eTaurag<\/span><span style=\"font-weight: 400;\">\u0117<\/span><span style=\"font-weight: 400;\">s kurjerio\u201c korespondent<\/span><span style=\"font-weight: 400;\">\u0117<\/span><span style=\"font-weight: 400;\"> Violeta Karali<\/span><span style=\"font-weight: 400;\">\u016b<\/span><span style=\"font-weight: 400;\">nait<\/span><span style=\"font-weight: 400;\">\u0117<\/span><span style=\"font-weight: 400;\">. A<\/span><span style=\"font-weight: 400;\">\u010d<\/span><span style=\"font-weight: 400;\">i<\/span><span style=\"font-weight: 400;\">\u016b<\/span><span style=\"font-weight: 400;\"> vertinimo komisijai u\u017e <\/span><span style=\"font-weight: 400;\">\u012f<\/span><span style=\"font-weight: 400;\">\u017evalgum<\/span><span style=\"font-weight: 400;\">\u0105<\/span><span style=\"font-weight: 400;\"> ir palaikym<\/span><span style=\"font-weight: 400;\">\u0105<\/span><span style=\"font-weight: 400;\">! <\/span><\/p>\n<p><span style=\"font-weight: 400;\">Did\u017eiuojam<\/span><span style=\"font-weight: 400;\">\u0117<\/span><span style=\"font-weight: 400;\">s m<\/span><span style=\"font-weight: 400;\">\u016b<\/span><span style=\"font-weight: 400;\">s<\/span><span style=\"font-weight: 400;\">\u0173<\/span><span style=\"font-weight: 400;\"> gimnazijos prizininkais: I\u2013II klasi<\/span><span style=\"font-weight: 400;\">\u0173<\/span><span style=\"font-weight: 400;\"> grup<\/span><span style=\"font-weight: 400;\">\u0117<\/span><span style=\"font-weight: 400;\">je: I vieta atiteko Adrijai Visockytei, III vieta \u2013 Viliui Misi<\/span><span style=\"font-weight: 400;\">\u016b<\/span><span style=\"font-weight: 400;\">nui, III\u2013IV klasi<\/span><span style=\"font-weight: 400;\">\u0173<\/span><span style=\"font-weight: 400;\"> grup<\/span><span style=\"font-weight: 400;\">\u0117<\/span><span style=\"font-weight: 400;\">je: I vieta \u2013 Kamilei \u0160lepavi<\/span><span style=\"font-weight: 400;\">\u010d<\/span><span style=\"font-weight: 400;\">i<\/span><span style=\"font-weight: 400;\">\u016b<\/span><span style=\"font-weight: 400;\">tei. Special<\/span><span style=\"font-weight: 400;\">\u016b<\/span><span style=\"font-weight: 400;\">s prizai atiteko \u0161ioms gimnazijos mokin<\/span><span style=\"font-weight: 400;\">\u0117<\/span><span style=\"font-weight: 400;\">ms: IIv klas<\/span><span style=\"font-weight: 400;\">\u0117<\/span><span style=\"font-weight: 400;\">s mokinei Dorot<\/span><span style=\"font-weight: 400;\">\u0117<\/span><span style=\"font-weight: 400;\">jai Bielskytei (dovana nuo Taurag<\/span><span style=\"font-weight: 400;\">\u0117<\/span><span style=\"font-weight: 400;\">s B. Baltru\u0161aityt<\/span><span style=\"font-weight: 400;\">\u0117<\/span><span style=\"font-weight: 400;\">s vie\u0161osios bibliotekos), Ii klas<\/span><span style=\"font-weight: 400;\">\u0117<\/span><span style=\"font-weight: 400;\">s mokinei Augustei Jomantaitei ( Norkai<\/span><span style=\"font-weight: 400;\">\u010d<\/span><span style=\"font-weight: 400;\">i<\/span><span style=\"font-weight: 400;\">\u0173<\/span><span style=\"font-weight: 400;\"> etnokult<\/span><span style=\"font-weight: 400;\">\u016b<\/span><span style=\"font-weight: 400;\">ros centro prizas). Konkurso laim<\/span><span style=\"font-weight: 400;\">\u0117<\/span><span style=\"font-weight: 400;\">tojai buvo apdovanoti ne tik Pad<\/span><span style=\"font-weight: 400;\">\u0117<\/span><span style=\"font-weight: 400;\">kos ra\u0161tais, bet ir \u201eStar Pizza\u201c dovan<\/span><span style=\"font-weight: 400;\">\u0173<\/span><span style=\"font-weight: 400;\"> kuponais \u2013 tikime, kad nugal<\/span><span style=\"font-weight: 400;\">\u0117<\/span><span style=\"font-weight: 400;\">tojai gal<\/span><span style=\"font-weight: 400;\">\u0117<\/span><span style=\"font-weight: 400;\">s maloniai praleisti laik<\/span><span style=\"font-weight: 400;\">\u0105<\/span><span style=\"font-weight: 400;\"> su bendramin<\/span><span style=\"font-weight: 400;\">\u010d<\/span><span style=\"font-weight: 400;\">iais ir artimaisiais dalindamiesi ne tik picomis, bet ir <\/span><span style=\"font-weight: 400;\">\u012f<\/span><span style=\"font-weight: 400;\">sp<\/span><span style=\"font-weight: 400;\">\u016b<\/span><span style=\"font-weight: 400;\">d\u017eiais! D<\/span><span style=\"font-weight: 400;\">\u0117<\/span><span style=\"font-weight: 400;\">kojame visiems dalyviams, juk kiekviena kalba \u2013 tai ma\u017eas pasaulis, sukurtas i\u0161 min<\/span><span style=\"font-weight: 400;\">\u010d<\/span><span style=\"font-weight: 400;\">i<\/span><span style=\"font-weight: 400;\">\u0173<\/span><span style=\"font-weight: 400;\">, vertybi<\/span><span style=\"font-weight: 400;\">\u0173<\/span><span style=\"font-weight: 400;\"> ir dr<\/span><span style=\"font-weight: 400;\">\u0105<\/span><span style=\"font-weight: 400;\">sos b<\/span><span style=\"font-weight: 400;\">\u016b<\/span><span style=\"font-weight: 400;\">ti i\u0161girstam.\u00a0<\/span><\/p>\n<p style=\"text-align: right;\"><span style=\"font-weight: 400;\">Taurag<\/span><span style=\"font-weight: 400;\">\u0117<\/span><span style=\"font-weight: 400;\">s \u017dalgiri<\/span><span style=\"font-weight: 400;\">\u0173<\/span><span style=\"font-weight: 400;\"> gimnazijos lietuvi<\/span><span style=\"font-weight: 400;\">\u0173<\/span><span style=\"font-weight: 400;\"> kalbos mokytojos<\/span><\/p>\n","protected":false},"excerpt":{"rendered":"<p>Taurag\u0117s \u017dalgiri\u0173 gimnazijoje \u2013 vie\u0161ojo kalb\u0117jimo \u0161vent\u0117!<\/p>\n","protected":false},"author":1,"featured_media":3760,"comment_status":"open","ping_status":"open","sticky":false,"template":"","format":"standard","meta":{"footnotes":""},"categories":[76],"tags":[],"class_list":["post-3759","post","type-post","status-publish","format-standard","has-post-thumbnail","hentry","category-kvalifikacine-tarnyba"],"_links":{"self":[{"href":"https:\/\/sctaurage.lt\/index.php\/wp-json\/wp\/v2\/posts\/3759","targetHints":{"allow":["GET"]}}],"collection":[{"href":"https:\/\/sctaurage.lt\/index.php\/wp-json\/wp\/v2\/posts"}],"about":[{"href":"https:\/\/sctaurage.lt\/index.php\/wp-json\/wp\/v2\/types\/post"}],"author":[{"embeddable":true,"href":"https:\/\/sctaurage.lt\/index.php\/wp-json\/wp\/v2\/users\/1"}],"replies":[{"embeddable":true,"href":"https:\/\/sctaurage.lt\/index.php\/wp-json\/wp\/v2\/comments?post=3759"}],"version-history":[{"count":2,"href":"https:\/\/sctaurage.lt\/index.php\/wp-json\/wp\/v2\/posts\/3759\/revisions"}],"predecessor-version":[{"id":3762,"href":"https:\/\/sctaurage.lt\/index.php\/wp-json\/wp\/v2\/posts\/3759\/revisions\/3762"}],"wp:featuredmedia":[{"embeddable":true,"href":"https:\/\/sctaurage.lt\/index.php\/wp-json\/wp\/v2\/media\/3760"}],"wp:attachment":[{"href":"https:\/\/sctaurage.lt\/index.php\/wp-json\/wp\/v2\/media?parent=3759"}],"wp:term":[{"taxonomy":"category","embeddable":true,"href":"https:\/\/sctaurage.lt\/index.php\/wp-json\/wp\/v2\/categories?post=3759"},{"taxonomy":"post_tag","embeddable":true,"href":"https:\/\/sctaurage.lt\/index.php\/wp-json\/wp\/v2\/tags?post=3759"}],"curies":[{"name":"wp","href":"https:\/\/api.w.org\/{rel}","templated":true}]}}